{"id":52392,"date":"2021-12-14T10:40:00","date_gmt":"2021-12-14T10:40:00","guid":{"rendered":"http:\/\/centrico.dmbox.it\/?p=52392"},"modified":"2023-05-19T20:54:56","modified_gmt":"2023-05-19T20:54:56","slug":"perche-e-importante-inserire-le-icone-social-nelle-e-mail","status":"publish","type":"post","link":"https:\/\/centrico.it\/it\/2021\/12\/14\/perche-e-importante-inserire-le-icone-social-nelle-e-mail\/","title":{"rendered":"Perch\u00e9 \u00e8 importante inserire le icone social\u00a0nelle e-mail?"},"content":{"rendered":"\n<p>La risposta spesso la si d\u00e0 per scontata. E&#8217; importante inserire i propri social all&#8217;interno della e-mail per invitare i lettori a seguirti, aumentando cos\u00ec i follower con l&#8217;obiettivo di creare una forte community.<\/p>\n\n\n\n<p><strong>Chiunque ha una pagina social ha il desiderio di creare una community attiva<\/strong>, nessuno pu\u00f2 rappresentarti meglio dei tuoi clienti, perci\u00f2 \u00e8 proprio da loro che puoi iniziare. Invitali a seguirti, a commentare e a condividere.<\/p>\n\n\n\n<p>Cerca per\u00f2 di offrire contenuti diversi rispetto a quelli proposti nella mail, altrimenti che motivo avrebbero di seguirti?<\/p>\n\n\n\n<p>Stai gi\u00e0 invitando i tuoi clienti a seguirti sui tuoi canali social preferiti?<\/p>\n\n\n\n<p>Puoi farlo inviando loro una comunicazione specifica, nei successivi invii invece potresti inserire le icone nel piede della mail, insieme alla tua firma oppure insieme ai dati della tua azienda cos\u00ec in qualsiasi momento i tuoi lettori sapranno dove trovarti.<\/p>\n\n\n\n<p>E se&nbsp;lo fai gi\u00e0, ne conosci il potenziale? Sai quante cose puoi fare inserendo le icone nelle tue mail?<\/p>\n\n\n\n<p>Ci sono diverse tipologie di icone, in particolare&nbsp;<strong>le icone social<\/strong>,&nbsp;<strong>le icone delle app di messaggistica<\/strong>&nbsp;e&nbsp;<strong>le icone di contatto standard<\/strong>.<\/p>\n\n\n\n<p>Vediamole nel dettaglio.<\/p>\n\n\n\n<h2 class=\"wp-block-heading\" id=\"social\"><strong>ICONE SOCIAL<\/strong><\/h2>\n\n\n\n<p>utilizza le icone social nelle e-mail per inserire il link al tuo profilo per farti trovare in modo pi\u00f9 semplice e veloce dai tuoi lettori.<\/p>\n\n\n\n<h2 class=\"wp-block-heading\" id=\"app-di-messaggistica\"><strong>APP DI MESSAGGISTICA<\/strong><\/h2>\n\n\n\n<p>Utilizza le icone alle principali app di messaggistica (Whatsapp, Telegram, Messenger o Skype) per farti scrivere, chiamare o videochiamare. Puoi utilizzare un link specifico per ogni social e per far compiere un&#8217;azione in particolare, se non sai come generare il tuo link personalizzato&nbsp;<a href=\"https:\/\/centrico.tawk.help\/article\/componente-social-editor-dragdrop\" target=\"_blank\" rel=\"noreferrer noopener\">clicca qui<\/a>.<\/p>\n\n\n\n<h2 class=\"wp-block-heading\" id=\"contatti-standard\"><strong>CONTATTI STANDARD<\/strong><\/h2>\n\n\n\n<p>Utilizza le icone dei contatti standard per rimandare ad un link o sito specifico, farti inviare una mail, farti telefonare o inviare un SMS. Anche in questo caso se non sai come generare il tuo link personalizzato&nbsp;<a href=\"https:\/\/centrico.tawk.help\/article\/componente-social-editor-dragdrop\" target=\"_blank\" rel=\"noreferrer noopener\">clicca qui<\/a>.<\/p>\n\n\n\n<p>Ora non ti resta che&nbsp;<strong>aprire Centrico e il tuo modello email ed inserire le tue icone social!<\/strong><\/p>\n\n\n\n<p><br>Alla prossima!<\/p>\n","protected":false},"excerpt":{"rendered":"<p>La risposta spesso la si d\u00e0 per scontata. E&#8217; importante inserire i propri social all&#8217;interno della e-mail per invitare i lettori a seguirti, aumentando cos\u00ec i follower con l&#8217;obiettivo di creare una forte community. Chiunque ha una pagina social ha il desiderio di creare una community attiva, nessuno pu\u00f2 rappresentarti meglio dei tuoi clienti, perci\u00f2 [&hellip;]<\/p>\n","protected":false},"author":4,"featured_media":52393,"comment_status":"closed","ping_status":"closed","sticky":false,"template":"","format":"standard","meta":{"_et_pb_use_builder":"off","_et_pb_old_content":"","_et_gb_content_width":"","iawp_total_views":10,"footnotes":""},"categories":[15],"tags":[29],"class_list":["post-52392","post","type-post","status-publish","format-standard","has-post-thumbnail","hentry","category-marketing","tag-social"],"yoast_head":"<!-- This site is optimized with the Yoast SEO plugin v27.5 - https:\/\/yoast.com\/product\/yoast-seo-wordpress\/ -->\n<title>Perch\u00e9 \u00e8 importante inserire le icone social\u00a0nelle e-mail? - Centrico<\/title>\n<meta name=\"description\" content=\"Vuoi sapere perch\u00e9 \u00e8 importante inserire i propri social network nelle comunicazioni e-mail? scoprilo grazie a questo articolo\" \/>\n<meta name=\"robots\" content=\"index, follow, max-snippet:-1, max-image-preview:large, max-video-preview:-1\" \/>\n<link rel=\"canonical\" href=\"https:\/\/centrico.it\/it\/2021\/12\/14\/perche-e-importante-inserire-le-icone-social-nelle-e-mail\/\" \/>\n<meta property=\"og:locale\" content=\"it_IT\" \/>\n<meta property=\"og:type\" content=\"article\" \/>\n<meta property=\"og:title\" content=\"Perch\u00e9 \u00e8 importante inserire le icone social\u00a0nelle e-mail? - Centrico\" \/>\n<meta property=\"og:description\" content=\"Vuoi sapere perch\u00e9 \u00e8 importante inserire i propri social network nelle comunicazioni e-mail? scoprilo grazie a questo articolo\" \/>\n<meta property=\"og:url\" content=\"https:\/\/centrico.it\/it\/2021\/12\/14\/perche-e-importante-inserire-le-icone-social-nelle-e-mail\/\" \/>\n<meta property=\"og:site_name\" content=\"Centrico\" \/>\n<meta property=\"article:published_time\" content=\"2021-12-14T10:40:00+00:00\" \/>\n<meta property=\"article:modified_time\" content=\"2023-05-19T20:54:56+00:00\" \/>\n<meta property=\"og:image\" content=\"https:\/\/centrico.it\/wp-content\/uploads\/2022\/02\/icone-social-post.jpg\" \/>\n\t<meta property=\"og:image:width\" content=\"1440\" \/>\n\t<meta property=\"og:image:height\" content=\"810\" \/>\n\t<meta property=\"og:image:type\" content=\"image\/jpeg\" \/>\n<meta name=\"author\" content=\"Alessia Adobati\" \/>\n<meta name=\"twitter:card\" content=\"summary_large_image\" \/>\n<meta name=\"twitter:label1\" content=\"Scritto da\" \/>\n\t<meta name=\"twitter:data1\" content=\"Alessia Adobati\" \/>\n\t<meta name=\"twitter:label2\" content=\"Tempo di lettura stimato\" \/>\n\t<meta name=\"twitter:data2\" content=\"2 minuti\" \/>\n<script type=\"application\/ld+json\" class=\"yoast-schema-graph\">{\"@context\":\"https:\\\/\\\/schema.org\",\"@graph\":[{\"@type\":\"Article\",\"@id\":\"https:\\\/\\\/centrico.it\\\/it\\\/2021\\\/12\\\/14\\\/perche-e-importante-inserire-le-icone-social-nelle-e-mail\\\/#article\",\"isPartOf\":{\"@id\":\"https:\\\/\\\/centrico.it\\\/it\\\/2021\\\/12\\\/14\\\/perche-e-importante-inserire-le-icone-social-nelle-e-mail\\\/\"},\"author\":{\"name\":\"Alessia Adobati\",\"@id\":\"https:\\\/\\\/centrico.it\\\/it\\\/#\\\/schema\\\/person\\\/25620b175c38a658adcf598b4641ee66\"},\"headline\":\"Perch\u00e9 \u00e8 importante inserire le icone social\u00a0nelle e-mail?\",\"datePublished\":\"2021-12-14T10:40:00+00:00\",\"dateModified\":\"2023-05-19T20:54:56+00:00\",\"mainEntityOfPage\":{\"@id\":\"https:\\\/\\\/centrico.it\\\/it\\\/2021\\\/12\\\/14\\\/perche-e-importante-inserire-le-icone-social-nelle-e-mail\\\/\"},\"wordCount\":341,\"image\":{\"@id\":\"https:\\\/\\\/centrico.it\\\/it\\\/2021\\\/12\\\/14\\\/perche-e-importante-inserire-le-icone-social-nelle-e-mail\\\/#primaryimage\"},\"thumbnailUrl\":\"https:\\\/\\\/centrico.it\\\/wp-content\\\/uploads\\\/2022\\\/02\\\/icone-social-post.jpg\",\"keywords\":[\"Social\"],\"articleSection\":[\"Marketing\"],\"inLanguage\":\"it-IT\"},{\"@type\":\"WebPage\",\"@id\":\"https:\\\/\\\/centrico.it\\\/it\\\/2021\\\/12\\\/14\\\/perche-e-importante-inserire-le-icone-social-nelle-e-mail\\\/\",\"url\":\"https:\\\/\\\/centrico.it\\\/it\\\/2021\\\/12\\\/14\\\/perche-e-importante-inserire-le-icone-social-nelle-e-mail\\\/\",\"name\":\"Perch\u00e9 \u00e8 importante inserire le icone social\u00a0nelle e-mail? - Centrico\",\"isPartOf\":{\"@id\":\"https:\\\/\\\/centrico.it\\\/it\\\/#website\"},\"primaryImageOfPage\":{\"@id\":\"https:\\\/\\\/centrico.it\\\/it\\\/2021\\\/12\\\/14\\\/perche-e-importante-inserire-le-icone-social-nelle-e-mail\\\/#primaryimage\"},\"image\":{\"@id\":\"https:\\\/\\\/centrico.it\\\/it\\\/2021\\\/12\\\/14\\\/perche-e-importante-inserire-le-icone-social-nelle-e-mail\\\/#primaryimage\"},\"thumbnailUrl\":\"https:\\\/\\\/centrico.it\\\/wp-content\\\/uploads\\\/2022\\\/02\\\/icone-social-post.jpg\",\"datePublished\":\"2021-12-14T10:40:00+00:00\",\"dateModified\":\"2023-05-19T20:54:56+00:00\",\"author\":{\"@id\":\"https:\\\/\\\/centrico.it\\\/it\\\/#\\\/schema\\\/person\\\/25620b175c38a658adcf598b4641ee66\"},\"description\":\"Vuoi sapere perch\u00e9 \u00e8 importante inserire i propri social network nelle comunicazioni e-mail? scoprilo grazie a questo articolo\",\"breadcrumb\":{\"@id\":\"https:\\\/\\\/centrico.it\\\/it\\\/2021\\\/12\\\/14\\\/perche-e-importante-inserire-le-icone-social-nelle-e-mail\\\/#breadcrumb\"},\"inLanguage\":\"it-IT\",\"potentialAction\":[{\"@type\":\"ReadAction\",\"target\":[\"https:\\\/\\\/centrico.it\\\/it\\\/2021\\\/12\\\/14\\\/perche-e-importante-inserire-le-icone-social-nelle-e-mail\\\/\"]}]},{\"@type\":\"ImageObject\",\"inLanguage\":\"it-IT\",\"@id\":\"https:\\\/\\\/centrico.it\\\/it\\\/2021\\\/12\\\/14\\\/perche-e-importante-inserire-le-icone-social-nelle-e-mail\\\/#primaryimage\",\"url\":\"https:\\\/\\\/centrico.it\\\/wp-content\\\/uploads\\\/2022\\\/02\\\/icone-social-post.jpg\",\"contentUrl\":\"https:\\\/\\\/centrico.it\\\/wp-content\\\/uploads\\\/2022\\\/02\\\/icone-social-post.jpg\",\"width\":1440,\"height\":810},{\"@type\":\"BreadcrumbList\",\"@id\":\"https:\\\/\\\/centrico.it\\\/it\\\/2021\\\/12\\\/14\\\/perche-e-importante-inserire-le-icone-social-nelle-e-mail\\\/#breadcrumb\",\"itemListElement\":[{\"@type\":\"ListItem\",\"position\":1,\"name\":\"Home\",\"item\":\"https:\\\/\\\/centrico.it\\\/it\\\/\"},{\"@type\":\"ListItem\",\"position\":2,\"name\":\"Perch\u00e9 \u00e8 importante inserire le icone social\u00a0nelle e-mail?\"}]},{\"@type\":\"WebSite\",\"@id\":\"https:\\\/\\\/centrico.it\\\/it\\\/#website\",\"url\":\"https:\\\/\\\/centrico.it\\\/it\\\/\",\"name\":\"Centrico\",\"description\":\"Software gestione clienti CRM\",\"potentialAction\":[{\"@type\":\"SearchAction\",\"target\":{\"@type\":\"EntryPoint\",\"urlTemplate\":\"https:\\\/\\\/centrico.it\\\/it\\\/?s={search_term_string}\"},\"query-input\":{\"@type\":\"PropertyValueSpecification\",\"valueRequired\":true,\"valueName\":\"search_term_string\"}}],\"inLanguage\":\"it-IT\"},{\"@type\":\"Person\",\"@id\":\"https:\\\/\\\/centrico.it\\\/it\\\/#\\\/schema\\\/person\\\/25620b175c38a658adcf598b4641ee66\",\"name\":\"Alessia Adobati\",\"image\":{\"@type\":\"ImageObject\",\"inLanguage\":\"it-IT\",\"@id\":\"https:\\\/\\\/secure.gravatar.com\\\/avatar\\\/7b83d54e95ae9053bef4358242f0549e45c0479793845ffda8298fcf2e0ead81?s=96&d=mm&r=g\",\"url\":\"https:\\\/\\\/secure.gravatar.com\\\/avatar\\\/7b83d54e95ae9053bef4358242f0549e45c0479793845ffda8298fcf2e0ead81?s=96&d=mm&r=g\",\"contentUrl\":\"https:\\\/\\\/secure.gravatar.com\\\/avatar\\\/7b83d54e95ae9053bef4358242f0549e45c0479793845ffda8298fcf2e0ead81?s=96&d=mm&r=g\",\"caption\":\"Alessia Adobati\"},\"description\":\"MARKETING MANAGER - CENTRICO\",\"url\":\"https:\\\/\\\/centrico.it\\\/it\\\/author\\\/alessia\\\/\"}]}<\/script>\n<!-- \/ Yoast SEO plugin. -->","yoast_head_json":{"title":"Perch\u00e9 \u00e8 importante inserire le icone social\u00a0nelle e-mail? - Centrico","description":"Vuoi sapere perch\u00e9 \u00e8 importante inserire i propri social network nelle comunicazioni e-mail? scoprilo grazie a questo articolo","robots":{"index":"index","follow":"follow","max-snippet":"max-snippet:-1","max-image-preview":"max-image-preview:large","max-video-preview":"max-video-preview:-1"},"canonical":"https:\/\/centrico.it\/it\/2021\/12\/14\/perche-e-importante-inserire-le-icone-social-nelle-e-mail\/","og_locale":"it_IT","og_type":"article","og_title":"Perch\u00e9 \u00e8 importante inserire le icone social\u00a0nelle e-mail? - Centrico","og_description":"Vuoi sapere perch\u00e9 \u00e8 importante inserire i propri social network nelle comunicazioni e-mail? scoprilo grazie a questo articolo","og_url":"https:\/\/centrico.it\/it\/2021\/12\/14\/perche-e-importante-inserire-le-icone-social-nelle-e-mail\/","og_site_name":"Centrico","article_published_time":"2021-12-14T10:40:00+00:00","article_modified_time":"2023-05-19T20:54:56+00:00","og_image":[{"width":1440,"height":810,"url":"https:\/\/centrico.it\/wp-content\/uploads\/2022\/02\/icone-social-post.jpg","type":"image\/jpeg"}],"author":"Alessia Adobati","twitter_card":"summary_large_image","twitter_misc":{"Scritto da":"Alessia Adobati","Tempo di lettura stimato":"2 minuti"},"schema":{"@context":"https:\/\/schema.org","@graph":[{"@type":"Article","@id":"https:\/\/centrico.it\/it\/2021\/12\/14\/perche-e-importante-inserire-le-icone-social-nelle-e-mail\/#article","isPartOf":{"@id":"https:\/\/centrico.it\/it\/2021\/12\/14\/perche-e-importante-inserire-le-icone-social-nelle-e-mail\/"},"author":{"name":"Alessia Adobati","@id":"https:\/\/centrico.it\/it\/#\/schema\/person\/25620b175c38a658adcf598b4641ee66"},"headline":"Perch\u00e9 \u00e8 importante inserire le icone social\u00a0nelle e-mail?","datePublished":"2021-12-14T10:40:00+00:00","dateModified":"2023-05-19T20:54:56+00:00","mainEntityOfPage":{"@id":"https:\/\/centrico.it\/it\/2021\/12\/14\/perche-e-importante-inserire-le-icone-social-nelle-e-mail\/"},"wordCount":341,"image":{"@id":"https:\/\/centrico.it\/it\/2021\/12\/14\/perche-e-importante-inserire-le-icone-social-nelle-e-mail\/#primaryimage"},"thumbnailUrl":"https:\/\/centrico.it\/wp-content\/uploads\/2022\/02\/icone-social-post.jpg","keywords":["Social"],"articleSection":["Marketing"],"inLanguage":"it-IT"},{"@type":"WebPage","@id":"https:\/\/centrico.it\/it\/2021\/12\/14\/perche-e-importante-inserire-le-icone-social-nelle-e-mail\/","url":"https:\/\/centrico.it\/it\/2021\/12\/14\/perche-e-importante-inserire-le-icone-social-nelle-e-mail\/","name":"Perch\u00e9 \u00e8 importante inserire le icone social\u00a0nelle e-mail? - Centrico","isPartOf":{"@id":"https:\/\/centrico.it\/it\/#website"},"primaryImageOfPage":{"@id":"https:\/\/centrico.it\/it\/2021\/12\/14\/perche-e-importante-inserire-le-icone-social-nelle-e-mail\/#primaryimage"},"image":{"@id":"https:\/\/centrico.it\/it\/2021\/12\/14\/perche-e-importante-inserire-le-icone-social-nelle-e-mail\/#primaryimage"},"thumbnailUrl":"https:\/\/centrico.it\/wp-content\/uploads\/2022\/02\/icone-social-post.jpg","datePublished":"2021-12-14T10:40:00+00:00","dateModified":"2023-05-19T20:54:56+00:00","author":{"@id":"https:\/\/centrico.it\/it\/#\/schema\/person\/25620b175c38a658adcf598b4641ee66"},"description":"Vuoi sapere perch\u00e9 \u00e8 importante inserire i propri social network nelle comunicazioni e-mail? scoprilo grazie a questo articolo","breadcrumb":{"@id":"https:\/\/centrico.it\/it\/2021\/12\/14\/perche-e-importante-inserire-le-icone-social-nelle-e-mail\/#breadcrumb"},"inLanguage":"it-IT","potentialAction":[{"@type":"ReadAction","target":["https:\/\/centrico.it\/it\/2021\/12\/14\/perche-e-importante-inserire-le-icone-social-nelle-e-mail\/"]}]},{"@type":"ImageObject","inLanguage":"it-IT","@id":"https:\/\/centrico.it\/it\/2021\/12\/14\/perche-e-importante-inserire-le-icone-social-nelle-e-mail\/#primaryimage","url":"https:\/\/centrico.it\/wp-content\/uploads\/2022\/02\/icone-social-post.jpg","contentUrl":"https:\/\/centrico.it\/wp-content\/uploads\/2022\/02\/icone-social-post.jpg","width":1440,"height":810},{"@type":"BreadcrumbList","@id":"https:\/\/centrico.it\/it\/2021\/12\/14\/perche-e-importante-inserire-le-icone-social-nelle-e-mail\/#breadcrumb","itemListElement":[{"@type":"ListItem","position":1,"name":"Home","item":"https:\/\/centrico.it\/it\/"},{"@type":"ListItem","position":2,"name":"Perch\u00e9 \u00e8 importante inserire le icone social\u00a0nelle e-mail?"}]},{"@type":"WebSite","@id":"https:\/\/centrico.it\/it\/#website","url":"https:\/\/centrico.it\/it\/","name":"Centrico","description":"Software gestione clienti CRM","potentialAction":[{"@type":"SearchAction","target":{"@type":"EntryPoint","urlTemplate":"https:\/\/centrico.it\/it\/?s={search_term_string}"},"query-input":{"@type":"PropertyValueSpecification","valueRequired":true,"valueName":"search_term_string"}}],"inLanguage":"it-IT"},{"@type":"Person","@id":"https:\/\/centrico.it\/it\/#\/schema\/person\/25620b175c38a658adcf598b4641ee66","name":"Alessia Adobati","image":{"@type":"ImageObject","inLanguage":"it-IT","@id":"https:\/\/secure.gravatar.com\/avatar\/7b83d54e95ae9053bef4358242f0549e45c0479793845ffda8298fcf2e0ead81?s=96&d=mm&r=g","url":"https:\/\/secure.gravatar.com\/avatar\/7b83d54e95ae9053bef4358242f0549e45c0479793845ffda8298fcf2e0ead81?s=96&d=mm&r=g","contentUrl":"https:\/\/secure.gravatar.com\/avatar\/7b83d54e95ae9053bef4358242f0549e45c0479793845ffda8298fcf2e0ead81?s=96&d=mm&r=g","caption":"Alessia Adobati"},"description":"MARKETING MANAGER - CENTRICO","url":"https:\/\/centrico.it\/it\/author\/alessia\/"}]}},"_links":{"self":[{"href":"https:\/\/centrico.it\/it\/wp-json\/wp\/v2\/posts\/52392","targetHints":{"allow":["GET"]}}],"collection":[{"href":"https:\/\/centrico.it\/it\/wp-json\/wp\/v2\/posts"}],"about":[{"href":"https:\/\/centrico.it\/it\/wp-json\/wp\/v2\/types\/post"}],"author":[{"embeddable":true,"href":"https:\/\/centrico.it\/it\/wp-json\/wp\/v2\/users\/4"}],"replies":[{"embeddable":true,"href":"https:\/\/centrico.it\/it\/wp-json\/wp\/v2\/comments?post=52392"}],"version-history":[{"count":5,"href":"https:\/\/centrico.it\/it\/wp-json\/wp\/v2\/posts\/52392\/revisions"}],"predecessor-version":[{"id":239807,"href":"https:\/\/centrico.it\/it\/wp-json\/wp\/v2\/posts\/52392\/revisions\/239807"}],"wp:featuredmedia":[{"embeddable":true,"href":"https:\/\/centrico.it\/it\/wp-json\/wp\/v2\/media\/52393"}],"wp:attachment":[{"href":"https:\/\/centrico.it\/it\/wp-json\/wp\/v2\/media?parent=52392"}],"wp:term":[{"taxonomy":"category","embeddable":true,"href":"https:\/\/centrico.it\/it\/wp-json\/wp\/v2\/categories?post=52392"},{"taxonomy":"post_tag","embeddable":true,"href":"https:\/\/centrico.it\/it\/wp-json\/wp\/v2\/tags?post=52392"}],"curies":[{"name":"wp","href":"https:\/\/api.w.org\/{rel}","templated":true}]}}