{"id":53496,"date":"2020-07-28T10:47:00","date_gmt":"2020-07-28T10:47:00","guid":{"rendered":"https:\/\/centrico.it\/?p=53496"},"modified":"2024-02-11T15:54:00","modified_gmt":"2024-02-11T15:54:00","slug":"crm-il-futuro-e-nella-gestione-dei-dati","status":"publish","type":"post","link":"https:\/\/centrico.it\/it\/2020\/07\/28\/crm-il-futuro-e-nella-gestione-dei-dati\/","title":{"rendered":"CRM: il futuro \u00e8 nella gestione dei dati"},"content":{"rendered":"\n<p>Imparare a comunicare in maniera efficace \u00e8 sicuramente una delle competenze che, una volta acquisita, comporter\u00e0 automaticamente il miglioramento di altri essenziali fattori, quali:<\/p>\n\n\n\n<ul class=\"wp-block-list\"><li>Acquisire nuovi clienti<\/li><li>Battere la concorrenza (aumentando l\u2019 autorevolezza nel tuo settore)<\/li><li>Fidelizzare i cliente<\/li><\/ul>\n\n\n\n<p>Riuscire ad&nbsp;<strong>implementare una comunicazione efficace nella tua attivit\u00e0<\/strong>&nbsp;ti permetter\u00e0 di ricevere&nbsp;maggiori profitti, se la tua stategia di comunicazione \u00e8 ben studiata pu\u00f2 darti anche&nbsp;la garanzia di avere costantemente entrate nel tuo business.<\/p>\n\n\n\n<p>Gestire un\u2019attivit\u00e0 a 360\u00b0 al giorno d\u2019oggi, pu\u00f2&nbsp;richiedere ingenti sforzi economici e richiedere competenze non facili da acquisire in tempi consoni se non si hanno le giuste informazioni e che, per quanto possono risultare indispensabili, sono di non semplice acquisizione. Tuttavia internet mette a disposizione strumenti come&nbsp;<strong>software gestionali<\/strong>&nbsp;che facilitano la gestione delle attivit\u00e0 grazie all\u2019ausilio di mezzi digitali creati apposta per rispondere di queste necessit\u00e0.<\/p>\n\n\n\n<p>Questi&nbsp;<strong>software gestionali sono<\/strong>&nbsp;piattaforme da cui \u00e8 possibile&nbsp;<strong>gestire le relazioni con i clienti<\/strong>, chiamati C.R.M., l\u2019acronimo di Customer Relationship Management. La necessit\u00e0 che soddisfa principalmente questo strumento \u00e8 quella di sostenere un\u2019attivit\u00e0 attraverso la semi-automatizzazione delle attivit\u00e0 che contribuiscono a migliorare i rapporti con i clienti e, di conseguenza, incrementare le vendite e la fidelizzazione del cliente.<\/p>\n\n\n\n<p>Si tratta di un\u00a0<strong><a href=\"https:\/\/centrico.it\/gestionale-contatti\/\">software gestionale<\/a>\u00a0<\/strong>in grado di fornire:<\/p>\n\n\n\n<ul class=\"wp-block-list\"><li>Una gestione migliore&nbsp; dell\u2019attivit\u00e0, in maniera pi\u00f9 organizzata e questo pu\u00f2 ottimizzare il tempo.<\/li><li>Avere automaticamente un maggiore ritorno di profitti<\/li><\/ul>\n\n\n\n<p>Per un\u2019azienda il patrimonio pi\u00f9 importante \u00e8 rappresentato dai CLIENTI ed \u00e8 molto importante implementare strumenti che permettano di memorizzare i loro contatti (email, numeri di contatto, contatti social e tanto altro\u2026) e tracciare le interazione e le abitudini del cliente, cos\u00ec da avere sempre una loro profilazione sempre ben definita.&nbsp;Lo scopo principale, infatti per una qualsiasi attivit\u00e0 \u00e8 quella di costruire un data base di contatti, ovvero una banca dati di clienti, il vero patrimonio, da gestire attraverso una comunicazione efficace.<\/p>\n\n\n\n<p>In questo modo avrai l\u2019ausilio di un sistema che provveder\u00e0 a strutturare, organizzare e automatizzare diverse attivit\u00e0 che la gestione di una qualsiasi attivit\u00e0 richiede.&nbsp;<strong>Il futuro \u00e8 nella automazione dei processi di gestione,<\/strong>&nbsp;quindi un\u2019ottima soluzione per titolari d&#8217;azienda o di piccole imprese, artigiani e professionisti, marketing manager, e networker.&nbsp;<\/p>\n\n\n\n<p>Un\u00a0<strong><a href=\"https:\/\/centrico.it\/gestionale-contatti\/\">software gestionale<\/a><\/strong>\u00a0che possa garantire a te a ai tuoi collaboratori una comunicazione efficace con i tuoi clienti.\u00a0Questo ti permetter\u00e0 di inviare loro comunicazioni in tempo reale o programmate, riguardo le novit\u00e0 sulla tua azienda, promozioni, eventi , ecc\u2026<\/p>\n\n\n\n<p>Predisporsi ad avviare una comunicazione efficace con i tuoi clienti&nbsp; attraverso l\u2019utilizzo di questi strumenti ottimizza il tuo tempo e facilita la gestione e organizzazione delle tue attivit\u00e0 aziendali ed \u00e8 facile percepirne, di fatto, quale potenzialit\u00e0 apporta questo strumento per l\u2019incremento di clienti e profitti.<\/p>\n\n\n\n<p>Utilizzare una piattaforma del genere ti permetter\u00e0 di:<\/p>\n\n\n\n<div class=\"wp-block-columns is-layout-flex wp-container-core-columns-is-layout-9d6595d7 wp-block-columns-is-layout-flex\">\n<div class=\"wp-block-column is-layout-flow wp-block-column-is-layout-flow\" style=\"flex-basis:66.66%\">\n<ul class=\"wp-block-list\"><li>Migliorare la gestione della tua rubrica,<\/li><li>Sincronizzare tutti i contatti&nbsp;che hai nei vari programmi e i biglietti da visita che hai nel cassetto&nbsp;in un unica rubrica<\/li><li>Tenere in ordine il tuo database<\/li><li>Creare una newsletter per comunicare con i tuoi contatti<\/li><li>Inviare sms<\/li><li>Raccogliere dati direttamente dal tuo sito web<\/li><li>Usare un followup per aumentare i guadagni del tuo prodotto o del tuo e-commerce<\/li><\/ul>\n<\/div>\n\n\n\n<div class=\"wp-block-column is-layout-flow wp-block-column-is-layout-flow\" style=\"flex-basis:33.33%\">\n<figure class=\"wp-block-image size-large\"><img loading=\"lazy\" decoding=\"async\" width=\"1024\" height=\"683\" src=\"https:\/\/centrico.it\/wp-content\/uploads\/2022\/03\/crm_il_futuro_e_nella_gestione_dei_dati_team_strategia_marketing-1024x683.jpg\" alt=\"\" class=\"wp-image-53497\" srcset=\"https:\/\/centrico.it\/wp-content\/uploads\/2022\/03\/crm_il_futuro_e_nella_gestione_dei_dati_team_strategia_marketing-1024x683.jpg 1024w, https:\/\/centrico.it\/wp-content\/uploads\/2022\/03\/crm_il_futuro_e_nella_gestione_dei_dati_team_strategia_marketing-980x653.jpg 980w, https:\/\/centrico.it\/wp-content\/uploads\/2022\/03\/crm_il_futuro_e_nella_gestione_dei_dati_team_strategia_marketing-480x320.jpg 480w\" sizes=\"(min-width: 0px) and (max-width: 480px) 480px, (min-width: 481px) and (max-width: 980px) 980px, (min-width: 981px) 1024px, 100vw\" \/><\/figure>\n<\/div>\n<\/div>\n\n\n\n<p>Hai ora la possibilit\u00e0 di iniziare ad utilizzare una piattaforma per migliorare la gestione della tua rubrica, raggruppare&nbsp;tutti i contatti, tenerli in ordine, creare una newsletter per comunicare con i tuoi clienti, inviare sms e raccogliere dati direttamente dal tuo sito web.<\/p>\n\n\n\n<p><strong>Inizia subito a creare il tuo database di contatti e\u00a0clienti ed incrementa le vendite attraverso una comunicazione efficace con CENTRICO!<\/strong><\/p>\n\n\n<div class=\"wp-block-post-author\"><div class=\"wp-block-post-author__avatar\"><img alt='' src='https:\/\/secure.gravatar.com\/avatar\/7b83d54e95ae9053bef4358242f0549e45c0479793845ffda8298fcf2e0ead81?s=48&#038;d=mm&#038;r=g' srcset='https:\/\/secure.gravatar.com\/avatar\/7b83d54e95ae9053bef4358242f0549e45c0479793845ffda8298fcf2e0ead81?s=96&#038;d=mm&#038;r=g 2x' class='avatar avatar-48 photo' height='48' width='48' \/><\/div><div class=\"wp-block-post-author__content\"><p class=\"wp-block-post-author__byline\">MARKETING MANAGER \u2013 CENTRICO<\/p><p class=\"wp-block-post-author__name\">Alessia Adobati<\/p><\/div><\/div>","protected":false},"excerpt":{"rendered":"<p>Imparare a comunicare in maniera efficace \u00e8 sicuramente una delle competenze che, una volta acquisita, comporter\u00e0 automaticamente il miglioramento di altri essenziali fattori, quali: Acquisire nuovi clienti Battere la concorrenza (aumentando l\u2019 autorevolezza nel tuo settore) Fidelizzare i cliente Riuscire ad&nbsp;implementare una comunicazione efficace nella tua attivit\u00e0&nbsp;ti permetter\u00e0 di ricevere&nbsp;maggiori profitti, se la tua stategia [&hellip;]<\/p>\n","protected":false},"author":4,"featured_media":53499,"comment_status":"closed","ping_status":"closed","sticky":false,"template":"","format":"standard","meta":{"_et_pb_use_builder":"off","_et_pb_old_content":"","_et_gb_content_width":"","iawp_total_views":1,"footnotes":""},"categories":[16],"tags":[],"class_list":["post-53496","post","type-post","status-publish","format-standard","has-post-thumbnail","hentry","category-organizzazione-aziendale"],"yoast_head":"<!-- This site is optimized with the Yoast SEO plugin v27.5 - https:\/\/yoast.com\/product\/yoast-seo-wordpress\/ -->\n<title>CRM: il futuro \u00e8 nella gestione dei dati<\/title>\n<meta name=\"description\" content=\"Imparare a comunicare in maniera efficace \u00e8 sicuramente una delle competenze che, una volta acquisita, comporter\u00e0 automaticamente il miglioramento di altri essenziali fattori, quali? Iniziamo dalla gestione dei dati...\" \/>\n<meta name=\"robots\" content=\"index, follow, max-snippet:-1, max-image-preview:large, max-video-preview:-1\" \/>\n<link rel=\"canonical\" href=\"https:\/\/centrico.it\/it\/2020\/07\/28\/crm-il-futuro-e-nella-gestione-dei-dati\/\" \/>\n<meta property=\"og:locale\" content=\"it_IT\" \/>\n<meta property=\"og:type\" content=\"article\" \/>\n<meta property=\"og:title\" content=\"CRM: il futuro \u00e8 nella gestione dei dati\" \/>\n<meta property=\"og:description\" content=\"Imparare a comunicare in maniera efficace \u00e8 sicuramente una delle competenze che, una volta acquisita, comporter\u00e0 automaticamente il miglioramento di altri essenziali fattori, quali? Iniziamo dalla gestione dei dati...\" \/>\n<meta property=\"og:url\" content=\"https:\/\/centrico.it\/it\/2020\/07\/28\/crm-il-futuro-e-nella-gestione-dei-dati\/\" \/>\n<meta property=\"og:site_name\" content=\"Centrico\" \/>\n<meta property=\"article:published_time\" content=\"2020-07-28T10:47:00+00:00\" \/>\n<meta property=\"article:modified_time\" content=\"2024-02-11T15:54:00+00:00\" \/>\n<meta property=\"og:image\" content=\"https:\/\/centrico.it\/wp-content\/uploads\/2022\/03\/crm_il_futuro_e_nella_gestione_dei_dati_social.jpg\" \/>\n\t<meta property=\"og:image:width\" content=\"1200\" \/>\n\t<meta property=\"og:image:height\" content=\"639\" \/>\n\t<meta property=\"og:image:type\" content=\"image\/jpeg\" \/>\n<meta name=\"author\" content=\"Alessia Adobati\" \/>\n<meta name=\"twitter:card\" content=\"summary_large_image\" \/>\n<meta name=\"twitter:title\" content=\"CRM: il futuro \u00e8 nella gestione dei dati\" \/>\n<meta name=\"twitter:description\" content=\"Imparare a comunicare in maniera efficace \u00e8 sicuramente una delle competenze che, una volta acquisita, comporter\u00e0 automaticamente il miglioramento di altri essenziali fattori, quali? Iniziamo dalla gestione dei dati...\" \/>\n<meta name=\"twitter:image\" content=\"https:\/\/centrico.it\/wp-content\/uploads\/2022\/03\/crm_il_futuro_e_nella_gestione_dei_dati_social.jpg\" \/>\n<meta name=\"twitter:label1\" content=\"Scritto da\" \/>\n\t<meta name=\"twitter:data1\" content=\"Alessia Adobati\" \/>\n\t<meta name=\"twitter:label2\" content=\"Tempo di lettura stimato\" \/>\n\t<meta name=\"twitter:data2\" content=\"4 minuti\" \/>\n<script type=\"application\/ld+json\" class=\"yoast-schema-graph\">{\"@context\":\"https:\\\/\\\/schema.org\",\"@graph\":[{\"@type\":\"Article\",\"@id\":\"https:\\\/\\\/centrico.it\\\/it\\\/2020\\\/07\\\/28\\\/crm-il-futuro-e-nella-gestione-dei-dati\\\/#article\",\"isPartOf\":{\"@id\":\"https:\\\/\\\/centrico.it\\\/it\\\/2020\\\/07\\\/28\\\/crm-il-futuro-e-nella-gestione-dei-dati\\\/\"},\"author\":{\"name\":\"Alessia Adobati\",\"@id\":\"https:\\\/\\\/centrico.it\\\/it\\\/#\\\/schema\\\/person\\\/25620b175c38a658adcf598b4641ee66\"},\"headline\":\"CRM: il futuro \u00e8 nella gestione dei dati\",\"datePublished\":\"2020-07-28T10:47:00+00:00\",\"dateModified\":\"2024-02-11T15:54:00+00:00\",\"mainEntityOfPage\":{\"@id\":\"https:\\\/\\\/centrico.it\\\/it\\\/2020\\\/07\\\/28\\\/crm-il-futuro-e-nella-gestione-dei-dati\\\/\"},\"wordCount\":621,\"image\":{\"@id\":\"https:\\\/\\\/centrico.it\\\/it\\\/2020\\\/07\\\/28\\\/crm-il-futuro-e-nella-gestione-dei-dati\\\/#primaryimage\"},\"thumbnailUrl\":\"https:\\\/\\\/centrico.it\\\/wp-content\\\/uploads\\\/2022\\\/03\\\/crm_il_futuro_e_nella_gestione_dei_dati.jpg\",\"articleSection\":[\"Organizzazione aziendale\"],\"inLanguage\":\"it-IT\"},{\"@type\":\"WebPage\",\"@id\":\"https:\\\/\\\/centrico.it\\\/it\\\/2020\\\/07\\\/28\\\/crm-il-futuro-e-nella-gestione-dei-dati\\\/\",\"url\":\"https:\\\/\\\/centrico.it\\\/it\\\/2020\\\/07\\\/28\\\/crm-il-futuro-e-nella-gestione-dei-dati\\\/\",\"name\":\"CRM: il futuro \u00e8 nella gestione dei dati\",\"isPartOf\":{\"@id\":\"https:\\\/\\\/centrico.it\\\/it\\\/#website\"},\"primaryImageOfPage\":{\"@id\":\"https:\\\/\\\/centrico.it\\\/it\\\/2020\\\/07\\\/28\\\/crm-il-futuro-e-nella-gestione-dei-dati\\\/#primaryimage\"},\"image\":{\"@id\":\"https:\\\/\\\/centrico.it\\\/it\\\/2020\\\/07\\\/28\\\/crm-il-futuro-e-nella-gestione-dei-dati\\\/#primaryimage\"},\"thumbnailUrl\":\"https:\\\/\\\/centrico.it\\\/wp-content\\\/uploads\\\/2022\\\/03\\\/crm_il_futuro_e_nella_gestione_dei_dati.jpg\",\"datePublished\":\"2020-07-28T10:47:00+00:00\",\"dateModified\":\"2024-02-11T15:54:00+00:00\",\"author\":{\"@id\":\"https:\\\/\\\/centrico.it\\\/it\\\/#\\\/schema\\\/person\\\/25620b175c38a658adcf598b4641ee66\"},\"description\":\"Imparare a comunicare in maniera efficace \u00e8 sicuramente una delle competenze che, una volta acquisita, comporter\u00e0 automaticamente il miglioramento di altri essenziali fattori, quali? Iniziamo dalla gestione dei dati...\",\"breadcrumb\":{\"@id\":\"https:\\\/\\\/centrico.it\\\/it\\\/2020\\\/07\\\/28\\\/crm-il-futuro-e-nella-gestione-dei-dati\\\/#breadcrumb\"},\"inLanguage\":\"it-IT\",\"potentialAction\":[{\"@type\":\"ReadAction\",\"target\":[\"https:\\\/\\\/centrico.it\\\/it\\\/2020\\\/07\\\/28\\\/crm-il-futuro-e-nella-gestione-dei-dati\\\/\"]}]},{\"@type\":\"ImageObject\",\"inLanguage\":\"it-IT\",\"@id\":\"https:\\\/\\\/centrico.it\\\/it\\\/2020\\\/07\\\/28\\\/crm-il-futuro-e-nella-gestione-dei-dati\\\/#primaryimage\",\"url\":\"https:\\\/\\\/centrico.it\\\/wp-content\\\/uploads\\\/2022\\\/03\\\/crm_il_futuro_e_nella_gestione_dei_dati.jpg\",\"contentUrl\":\"https:\\\/\\\/centrico.it\\\/wp-content\\\/uploads\\\/2022\\\/03\\\/crm_il_futuro_e_nella_gestione_dei_dati.jpg\",\"width\":1200,\"height\":620},{\"@type\":\"BreadcrumbList\",\"@id\":\"https:\\\/\\\/centrico.it\\\/it\\\/2020\\\/07\\\/28\\\/crm-il-futuro-e-nella-gestione-dei-dati\\\/#breadcrumb\",\"itemListElement\":[{\"@type\":\"ListItem\",\"position\":1,\"name\":\"Home\",\"item\":\"https:\\\/\\\/centrico.it\\\/it\\\/\"},{\"@type\":\"ListItem\",\"position\":2,\"name\":\"CRM: il futuro \u00e8 nella gestione dei dati\"}]},{\"@type\":\"WebSite\",\"@id\":\"https:\\\/\\\/centrico.it\\\/it\\\/#website\",\"url\":\"https:\\\/\\\/centrico.it\\\/it\\\/\",\"name\":\"Centrico\",\"description\":\"Software gestione clienti CRM\",\"potentialAction\":[{\"@type\":\"SearchAction\",\"target\":{\"@type\":\"EntryPoint\",\"urlTemplate\":\"https:\\\/\\\/centrico.it\\\/it\\\/?s={search_term_string}\"},\"query-input\":{\"@type\":\"PropertyValueSpecification\",\"valueRequired\":true,\"valueName\":\"search_term_string\"}}],\"inLanguage\":\"it-IT\"},{\"@type\":\"Person\",\"@id\":\"https:\\\/\\\/centrico.it\\\/it\\\/#\\\/schema\\\/person\\\/25620b175c38a658adcf598b4641ee66\",\"name\":\"Alessia Adobati\",\"image\":{\"@type\":\"ImageObject\",\"inLanguage\":\"it-IT\",\"@id\":\"https:\\\/\\\/secure.gravatar.com\\\/avatar\\\/7b83d54e95ae9053bef4358242f0549e45c0479793845ffda8298fcf2e0ead81?s=96&d=mm&r=g\",\"url\":\"https:\\\/\\\/secure.gravatar.com\\\/avatar\\\/7b83d54e95ae9053bef4358242f0549e45c0479793845ffda8298fcf2e0ead81?s=96&d=mm&r=g\",\"contentUrl\":\"https:\\\/\\\/secure.gravatar.com\\\/avatar\\\/7b83d54e95ae9053bef4358242f0549e45c0479793845ffda8298fcf2e0ead81?s=96&d=mm&r=g\",\"caption\":\"Alessia Adobati\"},\"description\":\"MARKETING MANAGER - CENTRICO\",\"url\":\"https:\\\/\\\/centrico.it\\\/it\\\/author\\\/alessia\\\/\"}]}<\/script>\n<!-- \/ Yoast SEO plugin. -->","yoast_head_json":{"title":"CRM: il futuro \u00e8 nella gestione dei dati","description":"Imparare a comunicare in maniera efficace \u00e8 sicuramente una delle competenze che, una volta acquisita, comporter\u00e0 automaticamente il miglioramento di altri essenziali fattori, quali? Iniziamo dalla gestione dei dati...","robots":{"index":"index","follow":"follow","max-snippet":"max-snippet:-1","max-image-preview":"max-image-preview:large","max-video-preview":"max-video-preview:-1"},"canonical":"https:\/\/centrico.it\/it\/2020\/07\/28\/crm-il-futuro-e-nella-gestione-dei-dati\/","og_locale":"it_IT","og_type":"article","og_title":"CRM: il futuro \u00e8 nella gestione dei dati","og_description":"Imparare a comunicare in maniera efficace \u00e8 sicuramente una delle competenze che, una volta acquisita, comporter\u00e0 automaticamente il miglioramento di altri essenziali fattori, quali? Iniziamo dalla gestione dei dati...","og_url":"https:\/\/centrico.it\/it\/2020\/07\/28\/crm-il-futuro-e-nella-gestione-dei-dati\/","og_site_name":"Centrico","article_published_time":"2020-07-28T10:47:00+00:00","article_modified_time":"2024-02-11T15:54:00+00:00","og_image":[{"width":1200,"height":639,"url":"https:\/\/centrico.it\/wp-content\/uploads\/2022\/03\/crm_il_futuro_e_nella_gestione_dei_dati_social.jpg","type":"image\/jpeg"}],"author":"Alessia Adobati","twitter_card":"summary_large_image","twitter_title":"CRM: il futuro \u00e8 nella gestione dei dati","twitter_description":"Imparare a comunicare in maniera efficace \u00e8 sicuramente una delle competenze che, una volta acquisita, comporter\u00e0 automaticamente il miglioramento di altri essenziali fattori, quali? Iniziamo dalla gestione dei dati...","twitter_image":"https:\/\/centrico.it\/wp-content\/uploads\/2022\/03\/crm_il_futuro_e_nella_gestione_dei_dati_social.jpg","twitter_misc":{"Scritto da":"Alessia Adobati","Tempo di lettura stimato":"4 minuti"},"schema":{"@context":"https:\/\/schema.org","@graph":[{"@type":"Article","@id":"https:\/\/centrico.it\/it\/2020\/07\/28\/crm-il-futuro-e-nella-gestione-dei-dati\/#article","isPartOf":{"@id":"https:\/\/centrico.it\/it\/2020\/07\/28\/crm-il-futuro-e-nella-gestione-dei-dati\/"},"author":{"name":"Alessia Adobati","@id":"https:\/\/centrico.it\/it\/#\/schema\/person\/25620b175c38a658adcf598b4641ee66"},"headline":"CRM: il futuro \u00e8 nella gestione dei dati","datePublished":"2020-07-28T10:47:00+00:00","dateModified":"2024-02-11T15:54:00+00:00","mainEntityOfPage":{"@id":"https:\/\/centrico.it\/it\/2020\/07\/28\/crm-il-futuro-e-nella-gestione-dei-dati\/"},"wordCount":621,"image":{"@id":"https:\/\/centrico.it\/it\/2020\/07\/28\/crm-il-futuro-e-nella-gestione-dei-dati\/#primaryimage"},"thumbnailUrl":"https:\/\/centrico.it\/wp-content\/uploads\/2022\/03\/crm_il_futuro_e_nella_gestione_dei_dati.jpg","articleSection":["Organizzazione aziendale"],"inLanguage":"it-IT"},{"@type":"WebPage","@id":"https:\/\/centrico.it\/it\/2020\/07\/28\/crm-il-futuro-e-nella-gestione-dei-dati\/","url":"https:\/\/centrico.it\/it\/2020\/07\/28\/crm-il-futuro-e-nella-gestione-dei-dati\/","name":"CRM: il futuro \u00e8 nella gestione dei dati","isPartOf":{"@id":"https:\/\/centrico.it\/it\/#website"},"primaryImageOfPage":{"@id":"https:\/\/centrico.it\/it\/2020\/07\/28\/crm-il-futuro-e-nella-gestione-dei-dati\/#primaryimage"},"image":{"@id":"https:\/\/centrico.it\/it\/2020\/07\/28\/crm-il-futuro-e-nella-gestione-dei-dati\/#primaryimage"},"thumbnailUrl":"https:\/\/centrico.it\/wp-content\/uploads\/2022\/03\/crm_il_futuro_e_nella_gestione_dei_dati.jpg","datePublished":"2020-07-28T10:47:00+00:00","dateModified":"2024-02-11T15:54:00+00:00","author":{"@id":"https:\/\/centrico.it\/it\/#\/schema\/person\/25620b175c38a658adcf598b4641ee66"},"description":"Imparare a comunicare in maniera efficace \u00e8 sicuramente una delle competenze che, una volta acquisita, comporter\u00e0 automaticamente il miglioramento di altri essenziali fattori, quali? Iniziamo dalla gestione dei dati...","breadcrumb":{"@id":"https:\/\/centrico.it\/it\/2020\/07\/28\/crm-il-futuro-e-nella-gestione-dei-dati\/#breadcrumb"},"inLanguage":"it-IT","potentialAction":[{"@type":"ReadAction","target":["https:\/\/centrico.it\/it\/2020\/07\/28\/crm-il-futuro-e-nella-gestione-dei-dati\/"]}]},{"@type":"ImageObject","inLanguage":"it-IT","@id":"https:\/\/centrico.it\/it\/2020\/07\/28\/crm-il-futuro-e-nella-gestione-dei-dati\/#primaryimage","url":"https:\/\/centrico.it\/wp-content\/uploads\/2022\/03\/crm_il_futuro_e_nella_gestione_dei_dati.jpg","contentUrl":"https:\/\/centrico.it\/wp-content\/uploads\/2022\/03\/crm_il_futuro_e_nella_gestione_dei_dati.jpg","width":1200,"height":620},{"@type":"BreadcrumbList","@id":"https:\/\/centrico.it\/it\/2020\/07\/28\/crm-il-futuro-e-nella-gestione-dei-dati\/#breadcrumb","itemListElement":[{"@type":"ListItem","position":1,"name":"Home","item":"https:\/\/centrico.it\/it\/"},{"@type":"ListItem","position":2,"name":"CRM: il futuro \u00e8 nella gestione dei dati"}]},{"@type":"WebSite","@id":"https:\/\/centrico.it\/it\/#website","url":"https:\/\/centrico.it\/it\/","name":"Centrico","description":"Software gestione clienti CRM","potentialAction":[{"@type":"SearchAction","target":{"@type":"EntryPoint","urlTemplate":"https:\/\/centrico.it\/it\/?s={search_term_string}"},"query-input":{"@type":"PropertyValueSpecification","valueRequired":true,"valueName":"search_term_string"}}],"inLanguage":"it-IT"},{"@type":"Person","@id":"https:\/\/centrico.it\/it\/#\/schema\/person\/25620b175c38a658adcf598b4641ee66","name":"Alessia Adobati","image":{"@type":"ImageObject","inLanguage":"it-IT","@id":"https:\/\/secure.gravatar.com\/avatar\/7b83d54e95ae9053bef4358242f0549e45c0479793845ffda8298fcf2e0ead81?s=96&d=mm&r=g","url":"https:\/\/secure.gravatar.com\/avatar\/7b83d54e95ae9053bef4358242f0549e45c0479793845ffda8298fcf2e0ead81?s=96&d=mm&r=g","contentUrl":"https:\/\/secure.gravatar.com\/avatar\/7b83d54e95ae9053bef4358242f0549e45c0479793845ffda8298fcf2e0ead81?s=96&d=mm&r=g","caption":"Alessia Adobati"},"description":"MARKETING MANAGER - CENTRICO","url":"https:\/\/centrico.it\/it\/author\/alessia\/"}]}},"_links":{"self":[{"href":"https:\/\/centrico.it\/it\/wp-json\/wp\/v2\/posts\/53496","targetHints":{"allow":["GET"]}}],"collection":[{"href":"https:\/\/centrico.it\/it\/wp-json\/wp\/v2\/posts"}],"about":[{"href":"https:\/\/centrico.it\/it\/wp-json\/wp\/v2\/types\/post"}],"author":[{"embeddable":true,"href":"https:\/\/centrico.it\/it\/wp-json\/wp\/v2\/users\/4"}],"replies":[{"embeddable":true,"href":"https:\/\/centrico.it\/it\/wp-json\/wp\/v2\/comments?post=53496"}],"version-history":[{"count":2,"href":"https:\/\/centrico.it\/it\/wp-json\/wp\/v2\/posts\/53496\/revisions"}],"predecessor-version":[{"id":53504,"href":"https:\/\/centrico.it\/it\/wp-json\/wp\/v2\/posts\/53496\/revisions\/53504"}],"wp:featuredmedia":[{"embeddable":true,"href":"https:\/\/centrico.it\/it\/wp-json\/wp\/v2\/media\/53499"}],"wp:attachment":[{"href":"https:\/\/centrico.it\/it\/wp-json\/wp\/v2\/media?parent=53496"}],"wp:term":[{"taxonomy":"category","embeddable":true,"href":"https:\/\/centrico.it\/it\/wp-json\/wp\/v2\/categories?post=53496"},{"taxonomy":"post_tag","embeddable":true,"href":"https:\/\/centrico.it\/it\/wp-json\/wp\/v2\/tags?post=53496"}],"curies":[{"name":"wp","href":"https:\/\/api.w.org\/{rel}","templated":true}]}}